{"id":5397,"date":"2025-10-19T09:56:18","date_gmt":"2025-10-19T09:56:18","guid":{"rendered":"https:\/\/nsrfatima.archimadrid.es\/?p=5397"},"modified":"2025-10-19T09:56:19","modified_gmt":"2025-10-19T09:56:19","slug":"experiencia-en-el-jubileo-2025","status":"publish","type":"post","link":"https:\/\/nsrfatima.archimadrid.es\/?p=5397","title":{"rendered":"Experiencia en el Jubileo 2025"},"content":{"rendered":"\n<p class=\"has-black-color has-text-color has-link-color wp-elements-249661a73a4674ae67d3ec33b93eb2eb\" style=\"font-size:16px\">Mi experiencia en el jubileo es principalmente dar gracias a Dios. La verdad que me cost\u00f3 entrar en la peregrinaci\u00f3n porque me apetec\u00eda mucho hacer los planes de la di\u00f3cesis como la misa de espa\u00f1oles o el encuentro de madrile\u00f1os, compartir este evento con toda la iglesia, sin necesidad de dormir en la comodidad de un hotel o albergue, peregrinando de verdad, en comuni\u00f3n, a\u00fan as\u00ed doy gracias a Dios por lo vivido y por momentos clave que yo creo que dar\u00e1n fruto si los guardo y los cuido.<\/p>\n\n\n\n<figure class=\"wp-block-image aligncenter size-large is-resized\"><img loading=\"lazy\" decoding=\"async\" width=\"768\" height=\"1024\" src=\"https:\/\/nsrfatima.archimadrid.es\/wp-content\/uploads\/2025\/10\/WhatsApp-Image-2025-10-19-at-11.15.39-768x1024.jpeg\" alt=\"\" class=\"wp-image-5398\" style=\"width:300px\"\/><\/figure>\n\n\n\n<p class=\"has-black-color has-text-color has-link-color wp-elements-4f852faeafa1ae37021e9cf112f491b7\" style=\"font-size:16px\">La primera cosa que me ayud\u00f3 fue el poder vivir la peregrinaci\u00f3n con gente que conozco desde que nac\u00ed, amigos que conoc\u00ed en la JMJ y en el primer d\u00eda de autob\u00fas en el jubileo. Sentirme acogida y querida por los peregrinos, por los catequistas y especialmente por los sacerdotes ha sido clave. Un momento que me ayud\u00f3 mucho al principio de la peregrinaci\u00f3n fue que nos contaran la historia de san Agust\u00edn en donde est\u00e1 enterrado, una historia que ya conoc\u00eda, pero que al estar donde el estuvo cal\u00f3 de manera distinta. Que el Se\u00f1or me recordara que toda persona pecadora tiene un futuro, por muy loca que haya sido su vida, me dio bastante esperanza, porque yo tambi\u00e9n puedo ser santa.<\/p>\n\n\n\n<figure class=\"wp-block-embed is-type-video is-provider-tiktok wp-block-embed-tiktok\"><div class=\"wp-block-embed__wrapper\">\n<blockquote class=\"tiktok-embed\" cite=\"https:\/\/www.tiktok.com\/@rutnoguero\/video\/7533277310506585366\" data-video-id=\"7533277310506585366\" data-embed-from=\"oembed\" style=\"max-width:605px; min-width:325px;\"> <section> <a target=\"_blank\" title=\"@rutnoguero\" href=\"https:\/\/www.tiktok.com\/@rutnoguero?refer=embed\">@rutnoguero<\/a> <p>D\u00eda uno superado con \u00e9xito \ud83d\udd25 rezamos por todos!!! <a title=\"jubilee\" target=\"_blank\" href=\"https:\/\/www.tiktok.com\/tag\/jubilee?refer=embed\">#jubilee<\/a> <a title=\"jubileo\" target=\"_blank\" href=\"https:\/\/www.tiktok.com\/tag\/jubileo?refer=embed\">#jubileo<\/a> <a title=\"catolicos\" target=\"_blank\" href=\"https:\/\/www.tiktok.com\/tag\/catolicos?refer=embed\">#catolicos<\/a> <a title=\"jovenescristianos\" target=\"_blank\" href=\"https:\/\/www.tiktok.com\/tag\/jovenescristianos?refer=embed\">#jovenescristianos<\/a> <a title=\"cristiano\" target=\"_blank\" href=\"https:\/\/www.tiktok.com\/tag\/cristiano?refer=embed\">#cristiano<\/a> <a title=\"fe\" target=\"_blank\" href=\"https:\/\/www.tiktok.com\/tag\/fe?refer=embed\">#fe<\/a> <a title=\"dios\" target=\"_blank\" href=\"https:\/\/www.tiktok.com\/tag\/dios?refer=embed\">#dios<\/a> <\/p> <a target=\"_blank\" title=\"\u266c original sound - \u2020 rut\" href=\"https:\/\/www.tiktok.com\/music\/original-sound-7533277337874385686?refer=embed\">\u266c original sound &#8211; \u2020 rut<\/a> <\/section> <\/blockquote> <script async src=\"https:\/\/www.tiktok.com\/embed.js\"><\/script>\n<\/div><\/figure>\n\n\n\n<p class=\"has-black-color has-text-color has-link-color wp-elements-ff46abb444e351fcd1e128dcca9b1f2b\" style=\"font-size:16px\">El hecho de que los patrones del jubileo hayan sido, los ya santos, Carlo Acutis y Pier Gorgio Frassati, dos j\u00f3venes que desde 2021 y desde un mes antes del jubileo han sido clave en mi conversi\u00f3n. Tambi\u00e9n grab\u00e9 unos blogs que fui subieno a mis redes sociales hasta el d\u00eda de la vigilia con el papa y grabarlos me ayud\u00f3 bastante.  Hasta la vigilia con el papa no me ayudo casi nada m\u00e1s. Llegar a Tor Vergata y ver a tant\u00edsimos j\u00f3venes adorando a Jes\u00fas me hace recordar que lo que creo es verdadero. Me ayudaron tambi\u00e9n las palabras que dijo el papa sobre la amistad, que las verdaderas amistades, las buenas, son las que se fundamentan en Cristo. Esa noche fue bastante m\u00e1gica, encontrarme con amigos de tantos pa\u00edses y ciudades que he ido conociendo a lo largo de las peregrinaciones que hemos ido haciendo, gente a la que durante en curso es muy complicado de ver, me las encontraba all\u00ed porque Jes\u00fas nos hab\u00eda convocado. <\/p>\n\n\n\n<figure class=\"wp-block-embed is-type-video is-provider-tiktok wp-block-embed-tiktok\"><div class=\"wp-block-embed__wrapper\">\n<blockquote class=\"tiktok-embed\" cite=\"https:\/\/www.tiktok.com\/@rutnoguero\/video\/7533401323690151190\" data-video-id=\"7533401323690151190\" data-embed-from=\"oembed\" style=\"max-width:605px; min-width:325px;\"> <section> <a target=\"_blank\" title=\"@rutnoguero\" href=\"https:\/\/www.tiktok.com\/@rutnoguero?refer=embed\">@rutnoguero<\/a> <p>Parte 1 de nuestro segundo d\u00eda de jubileo\u2026 est\u00e1 siendo bruuuutal, no todo lo que hacemos aparece aqu\u00ed, pero estamos teniendo unas catequesis geniales!! Atentos a la parte dos <a title=\"jubileo\" target=\"_blank\" href=\"https:\/\/www.tiktok.com\/tag\/jubileo?refer=embed\">#jubileo<\/a> <a title=\"cristianos\" target=\"_blank\" href=\"https:\/\/www.tiktok.com\/tag\/cristianos?refer=embed\">#cristianos<\/a> <a title=\"catolicos\" target=\"_blank\" href=\"https:\/\/www.tiktok.com\/tag\/catolicos?refer=embed\">#catolicos<\/a> <\/p> <a target=\"_blank\" title=\"\u266c Praise (feat. Brandon Lake, Chris Brown &#038; Chandler Moore) - Elevation Worship\" href=\"https:\/\/www.tiktok.com\/music\/Praise-feat-Brandon-Lake-Chris-Brown-Chandler-Moore-7216064614952355841?refer=embed\">\u266c Praise (feat. Brandon Lake, Chris Brown &#038; Chandler Moore) &#8211; Elevation Worship<\/a> <\/section> <\/blockquote> <script async src=\"https:\/\/www.tiktok.com\/embed.js\"><\/script>\n<\/div><\/figure>\n\n\n\n<p class=\"has-black-color has-text-color has-link-color wp-elements-5a86d180876f6b1fd2c2f75478cefa9c\" style=\"font-size:16px\">Me quedan s\u00f3lo dos momentos clave que contar, el primero es cuando fuimos al vaticano a cruzar la puerta santa, ver toda la bas\u00edlica de san Pedro, poder rezar al lado de sus restos, pero lo mejor\u2026Volver a cruzar con Edgar la puerta santa para ir a rezar a la tumba de san Juan Pablo II, privilegios de ser amiga del cura: nos saltamos toda la cola para volver a entrar por la puerta santa. <\/p>\n\n\n\n<figure class=\"wp-block-embed aligncenter is-type-video is-provider-tiktok wp-block-embed-tiktok\"><div class=\"wp-block-embed__wrapper\">\n<blockquote class=\"tiktok-embed\" cite=\"https:\/\/www.tiktok.com\/@rutnoguero\/video\/7533580692114951446\" data-video-id=\"7533580692114951446\" data-embed-from=\"oembed\" style=\"max-width:605px; min-width:325px;\"> <section> <a target=\"_blank\" title=\"@rutnoguero\" href=\"https:\/\/www.tiktok.com\/@rutnoguero?refer=embed\">@rutnoguero<\/a> <p>Estamos a d\u00eda dos y ya estamos agotados, pero el Se\u00f1or nos tiene regalazos todos los d\u00edas y todos los d\u00edas nos va a sorprender! <a title=\"jubileo\" target=\"_blank\" href=\"https:\/\/www.tiktok.com\/tag\/jubileo?refer=embed\">#jubileo<\/a> <a title=\"cristianos\" target=\"_blank\" href=\"https:\/\/www.tiktok.com\/tag\/cristianos?refer=embed\">#cristianos<\/a> <a title=\"catolicos\" target=\"_blank\" href=\"https:\/\/www.tiktok.com\/tag\/catolicos?refer=embed\">#catolicos<\/a> <\/p> <a target=\"_blank\" title=\"\u266c original sound - \u2020 rut\" href=\"https:\/\/www.tiktok.com\/music\/original-sound-7533580720074394391?refer=embed\">\u266c original sound &#8211; \u2020 rut<\/a> <\/section> <\/blockquote> <script async src=\"https:\/\/www.tiktok.com\/embed.js\"><\/script>\n<\/div><\/figure>\n\n\n\n<p class=\"has-black-color has-text-color has-link-color wp-elements-82fbddd089183b481f6ee32014f712f8\" style=\"font-size:16px\">Y por \u00faltimo, la visita a As\u00eds. Para m\u00ed visitar As\u00eds fue sentir como si estuviera yendo a mi pueblo, a ver a mis primos. La espiritualidad de san Francisco y santa Clara es bastante importante en mi vida, me ayudaron a encontrarme con Dios y siempre me han acompa\u00f1ado, y poder estar en el lugar donde ellos vivieron ha sido incre\u00edble. Pero me siento m\u00e1s afortunada de haber podido conocer a quien considero mi amigo, el ya santo Carlo Acutis, a quien ten\u00eda ganas de conocer ya que ha sido alguien fundamental en mi vida. La visita a su tumba no estaba programada, porque no era santo a\u00fan, entonces los catequistas no lo considereaban importante. Entonces en la hora libre que nos dieron para comer decidi\u00ed que yo iba a ir a conocer a mi amigo, que si me sobraba tiempo ya comer\u00eda. Llegu\u00e9 a la iglesia y estaba bastante emocionada, pude estar delante de su tumba casi 40 minutos. Le cont\u00e9 todo, como si fuera un amigo al que llevas sin ver mucho tiempo. Le ped\u00ed tambi\u00e9n que intercediera ante Jes\u00fas por todos mis familiares y amigos, y pude nombrarles uno a uno. No quer\u00eda salir de all\u00ed, pero empezaba la visita a la iglesia donde estaba santa Clara enterrada, as\u00ed que con mucha pena me fui. Irme de As\u00eds fue como cuando te vas del pueblo, te despides de tus amigos y familia para irte y no sabes muy bien cuando vas a volver a verles. Pero s\u00e9 que tengo un amigo en el cielo rezando por todos!<\/p>\n\n\n\n<figure class=\"wp-block-embed is-type-video is-provider-tiktok wp-block-embed-tiktok\"><div class=\"wp-block-embed__wrapper\">\n<blockquote class=\"tiktok-embed\" cite=\"https:\/\/www.tiktok.com\/@rutnoguero\/video\/7534505638823513366\" data-video-id=\"7534505638823513366\" data-embed-from=\"oembed\" style=\"max-width:605px; min-width:325px;\"> <section> <a target=\"_blank\" title=\"@rutnoguero\" href=\"https:\/\/www.tiktok.com\/@rutnoguero?refer=embed\">@rutnoguero<\/a> <p>Ha sido la vigilia con el papa m\u00e1s bonita de mi vida! He podido rezar mucho, he rezado por todos los que me lo hab\u00e9is pedido y por todos, en mi cabeza sonaba la canci\u00f3n de noche de hakuna constantemente\u2026 Gracias Se\u00f1or!!!! Nos vemos en Korea \u201827!!! <a title=\"jubileo\" target=\"_blank\" href=\"https:\/\/www.tiktok.com\/tag\/jubileo?refer=embed\">#jubileo<\/a> <a title=\"cristianos\" target=\"_blank\" href=\"https:\/\/www.tiktok.com\/tag\/cristianos?refer=embed\">#cristianos<\/a> <a title=\"catolicos\" target=\"_blank\" href=\"https:\/\/www.tiktok.com\/tag\/catolicos?refer=embed\">#catolicos<\/a> <a title=\"jmj\" target=\"_blank\" href=\"https:\/\/www.tiktok.com\/tag\/jmj?refer=embed\">#jmj<\/a> <\/p> <a target=\"_blank\" title=\"\u266c original sound - \u2020 rut\" href=\"https:\/\/www.tiktok.com\/music\/original-sound-7534505960460176150?refer=embed\">\u266c original sound &#8211; \u2020 rut<\/a> <\/section> <\/blockquote> <script async src=\"https:\/\/www.tiktok.com\/embed.js\"><\/script>\n<\/div><\/figure>\n","protected":false},"excerpt":{"rendered":"<p>Mi experiencia en el jubileo es principalmente dar gracias a Dios. La verdad que me cost\u00f3 entrar en la peregrinaci\u00f3n porque me apetec\u00eda mucho hacer los planes de la di\u00f3cesis como la misa de espa\u00f1oles o el encuentro de madrile\u00f1os, compartir este evento con toda la iglesia, sin necesidad de dormir en la comodidad de [&hellip;]<\/p>\n","protected":false},"author":3,"featured_media":5377,"comment_status":"closed","ping_status":"closed","sticky":false,"template":"","format":"standard","meta":{"_et_pb_use_builder":"off","_et_pb_old_content":"<!-- wp:paragraph {\"style\":{\"elements\":{\"link\":{\"color\":{\"text\":\"var:preset|color|black\"}}},\"typography\":{\"fontSize\":\"16px\"}},\"textColor\":\"black\"} -->\n<p class=\"has-black-color has-text-color has-link-color\" style=\"font-size:16px\">Mi experiencia en el jubileo es principalmente dar gracias a Dios. La verdad que me cost\u00f3 entrar en la peregrinaci\u00f3n porque me apetec\u00eda mucho hacer los planes de la di\u00f3cesis como la misa de espa\u00f1oles o el encuentro de madrile\u00f1os, compartir este evento con toda la iglesia, sin necesidad de dormir en la comodidad de un hotel o albergue, peregrinando de verdad, en comuni\u00f3n, a\u00fan as\u00ed doy gracias a Dios por lo vivido y por momentos clave que yo creo que dar\u00e1n fruto si los guardo y los cuido.<\/p>\n<!-- \/wp:paragraph -->\n\n<!-- wp:image {\"id\":5398,\"width\":\"300px\",\"sizeSlug\":\"large\",\"linkDestination\":\"none\",\"align\":\"center\"} -->\n<figure class=\"wp-block-image aligncenter size-large is-resized\"><img src=\"https:\/\/nsrfatima.archimadrid.es\/wp-content\/uploads\/2025\/10\/WhatsApp-Image-2025-10-19-at-11.15.39-768x1024.jpeg\" alt=\"\" class=\"wp-image-5398\" style=\"width:300px\"\/><\/figure>\n<!-- \/wp:image -->\n\n<!-- wp:paragraph {\"style\":{\"elements\":{\"link\":{\"color\":{\"text\":\"var:preset|color|black\"}}},\"typography\":{\"fontSize\":\"16px\"}},\"textColor\":\"black\"} -->\n<p class=\"has-black-color has-text-color has-link-color\" style=\"font-size:16px\">La primera cosa que me ayud\u00f3 fue el poder vivir la peregrinaci\u00f3n con gente que conozco desde que nac\u00ed, amigos que conoc\u00ed en la JMJ y en el primer d\u00eda de autob\u00fas en el jubileo. Sentirme acogida y querida por los peregrinos, por los catequistas y especialmente por los sacerdotes ha sido clave. Un momento que me ayud\u00f3 mucho al principio de la peregrinaci\u00f3n fue que nos contaran la historia de san Agust\u00edn en donde est\u00e1 enterrado, una historia que ya conoc\u00eda, pero que al estar donde el estuvo cal\u00f3 de manera distinta. Que el Se\u00f1or me recordara que toda persona pecadora tiene un futuro, por muy loca que haya sido su vida, me dio bastante esperanza, porque yo tambi\u00e9n puedo ser santa.<\/p>\n<!-- \/wp:paragraph -->\n\n<!-- wp:embed {\"url\":\"https:\/\/www.tiktok.com\/@rutnoguero\/video\/7533277310506585366\",\"type\":\"video\",\"providerNameSlug\":\"tiktok\",\"responsive\":true} -->\n<figure class=\"wp-block-embed is-type-video is-provider-tiktok wp-block-embed-tiktok\"><div class=\"wp-block-embed__wrapper\">\nhttps:\/\/www.tiktok.com\/@rutnoguero\/video\/7533277310506585366\n<\/div><\/figure>\n<!-- \/wp:embed -->\n\n<!-- wp:paragraph {\"style\":{\"elements\":{\"link\":{\"color\":{\"text\":\"var:preset|color|black\"}}},\"typography\":{\"fontSize\":\"16px\"}},\"textColor\":\"black\"} -->\n<p class=\"has-black-color has-text-color has-link-color\" style=\"font-size:16px\">El hecho de que los patrones del jubileo hayan sido, los ya santos, Carlo Acutis y Pier Gorgio Frassati, dos j\u00f3venes que desde 2021 y desde un mes antes del jubileo han sido clave en mi conversi\u00f3n. Tambi\u00e9n grab\u00e9 unos blogs que fui subieno a mis redes sociales hasta el d\u00eda de la vigilia con el papa y grabarlos me ayud\u00f3 bastante.  Hasta la vigilia con el papa no me ayudo casi nada m\u00e1s. Llegar a Tor Vergata y ver a tant\u00edsimos j\u00f3venes adorando a Jes\u00fas me hace recordar que lo que creo es verdadero. Me ayudaron tambi\u00e9n las palabras que dijo el papa sobre la amistad, que las verdaderas amistades, las buenas, son las que se fundamentan en Cristo. Esa noche fue bastante m\u00e1gica, encontrarme con amigos de tantos pa\u00edses y ciudades que he ido conociendo a lo largo de las peregrinaciones que hemos ido haciendo, gente a la que durante en curso es muy complicado de ver, me las encontraba all\u00ed porque Jes\u00fas nos hab\u00eda convocado. <\/p>\n<!-- \/wp:paragraph -->\n\n<!-- wp:embed {\"url\":\"https:\/\/www.tiktok.com\/@rutnoguero\/video\/7533401323690151190\",\"type\":\"video\",\"providerNameSlug\":\"tiktok\",\"responsive\":true} -->\n<figure class=\"wp-block-embed is-type-video is-provider-tiktok wp-block-embed-tiktok\"><div class=\"wp-block-embed__wrapper\">\nhttps:\/\/www.tiktok.com\/@rutnoguero\/video\/7533401323690151190\n<\/div><\/figure>\n<!-- \/wp:embed -->\n\n<!-- wp:paragraph {\"style\":{\"elements\":{\"link\":{\"color\":{\"text\":\"var:preset|color|black\"}}},\"typography\":{\"fontSize\":\"16px\"}},\"textColor\":\"black\"} -->\n<p class=\"has-black-color has-text-color has-link-color\" style=\"font-size:16px\">Me quedan s\u00f3lo dos momentos clave que contar, el primero es cuando fuimos al vaticano a cruzar la puerta santa, ver toda la bas\u00edlica de san Pedro, poder rezar al lado de sus restos, pero lo mejor\u2026Volver a cruzar con Edgar la puerta santa para ir a rezar a la tumba de san Juan Pablo II, privilegios de ser amiga del cura: nos saltamos toda la cola para volver a entrar por la puerta santa. <\/p>\n<!-- \/wp:paragraph -->\n\n<!-- wp:paragraph {\"style\":{\"elements\":{\"link\":{\"color\":{\"text\":\"var:preset|color|black\"}}},\"typography\":{\"fontSize\":\"16px\"}},\"textColor\":\"black\"} -->\n<p class=\"has-black-color has-text-color has-link-color\" style=\"font-size:16px\">Y por \u00faltimo, la visita a As\u00eds. Para m\u00ed visitar As\u00eds fue sentir como si estuviera yendo a mi pueblo, a ver a mis primos. La espiritualidad de san Francisco y santa Clara es bastante importante en mi vida, me ayudaron a encontrarme con Dios y siempre me han acompa\u00f1ado, y poder estar en el lugar donde ellos vivieron ha sido incre\u00edble. Pero me siento m\u00e1s afortunada de haber podido conocer a quien considero mi amigo, el ya santo Carlo Acutis, a quien ten\u00eda ganas de conocer ya que ha sido alguien fundamental en mi vida. La visita a su tumba no estaba programada, porque no era santo a\u00fan, entonces los catequistas no lo considereaban importante. Entonces en la hora libre que nos dieron para comer decidi\u00ed que yo iba a ir a conocer a mi amigo, que si me sobraba tiempo ya comer\u00eda. Llegu\u00e9 a la iglesia y estaba bastante emocionada, pude estar delante de su tumba casi 40 minutos. Le cont\u00e9 todo, como si fuera un amigo al que llevas sin ver mucho tiempo. Le ped\u00ed tambi\u00e9n que intercediera ante Jes\u00fas por todos mis familiares y amigos, y pude nombrarles uno a uno. No quer\u00eda salir de all\u00ed, pero empezaba la visita a la iglesia donde estaba santa Clara enterrada, as\u00ed que con mucha pena me fui. Irme de As\u00eds fue como cuando te vas del pueblo, te despides de tus amigos y familia para irte y no sabes muy bien cuando vas a volver a verles. Pero s\u00e9 que tengo un amigo en el cielo rezando por todos!<\/p>\n<!-- \/wp:paragraph -->","_et_gb_content_width":"","footnotes":""},"categories":[48],"tags":[],"class_list":["post-5397","post","type-post","status-publish","format-standard","has-post-thumbnail","hentry","category-destacados"],"yoast_head":"<!-- This site is optimized with the Yoast SEO plugin v27.4 - https:\/\/yoast.com\/product\/yoast-seo-wordpress\/ -->\n<title>Experiencia en el Jubileo 2025 - Parroquia Nuestra Se\u00f1ora del Rosario de F\u00e1tima<\/title>\n<meta name=\"robots\" content=\"index, follow, max-snippet:-1, max-image-preview:large, max-video-preview:-1\" \/>\n<link rel=\"canonical\" href=\"https:\/\/nsrfatima.archimadrid.es\/?p=5397\" \/>\n<meta property=\"og:locale\" content=\"es_ES\" \/>\n<meta property=\"og:type\" content=\"article\" \/>\n<meta property=\"og:title\" content=\"Experiencia en el Jubileo 2025 - Parroquia Nuestra Se\u00f1ora del Rosario de F\u00e1tima\" \/>\n<meta property=\"og:description\" content=\"Mi experiencia en el jubileo es principalmente dar gracias a Dios. La verdad que me cost\u00f3 entrar en la peregrinaci\u00f3n porque me apetec\u00eda mucho hacer los planes de la di\u00f3cesis como la misa de espa\u00f1oles o el encuentro de madrile\u00f1os, compartir este evento con toda la iglesia, sin necesidad de dormir en la comodidad de [&hellip;]\" \/>\n<meta property=\"og:url\" content=\"https:\/\/nsrfatima.archimadrid.es\/?p=5397\" \/>\n<meta property=\"og:site_name\" content=\"Parroquia Nuestra Se\u00f1ora del Rosario de F\u00e1tima\" \/>\n<meta property=\"article:published_time\" content=\"2025-10-19T09:56:18+00:00\" \/>\n<meta property=\"article:modified_time\" content=\"2025-10-19T09:56:19+00:00\" \/>\n<meta property=\"og:image\" content=\"https:\/\/nsrfatima.archimadrid.es\/wp-content\/uploads\/2025\/10\/oracion_jubileo.png\" \/>\n\t<meta property=\"og:image:width\" content=\"1164\" \/>\n\t<meta property=\"og:image:height\" content=\"466\" \/>\n\t<meta property=\"og:image:type\" content=\"image\/png\" \/>\n<meta name=\"author\" content=\"Nuestra Se\u00f1ora del Rosario de F\u00e1tima\" \/>\n<meta name=\"twitter:card\" content=\"summary_large_image\" \/>\n<meta name=\"twitter:label1\" content=\"Escrito por\" \/>\n\t<meta name=\"twitter:data1\" content=\"Nuestra Se\u00f1ora del Rosario de F\u00e1tima\" \/>\n\t<meta name=\"twitter:label2\" content=\"Tiempo de lectura\" \/>\n\t<meta name=\"twitter:data2\" content=\"4 minutos\" \/>\n<script type=\"application\/ld+json\" class=\"yoast-schema-graph\">{\"@context\":\"https:\\\/\\\/schema.org\",\"@graph\":[{\"@type\":\"Article\",\"@id\":\"https:\\\/\\\/nsrfatima.archimadrid.es\\\/?p=5397#article\",\"isPartOf\":{\"@id\":\"https:\\\/\\\/nsrfatima.archimadrid.es\\\/?p=5397\"},\"author\":{\"name\":\"Nuestra Se\u00f1ora del Rosario de F\u00e1tima\",\"@id\":\"https:\\\/\\\/nsrfatima.archimadrid.es\\\/#\\\/schema\\\/person\\\/3257bbaa8e30e5544b0253d474ec7483\"},\"headline\":\"Experiencia en el Jubileo 2025\",\"datePublished\":\"2025-10-19T09:56:18+00:00\",\"dateModified\":\"2025-10-19T09:56:19+00:00\",\"mainEntityOfPage\":{\"@id\":\"https:\\\/\\\/nsrfatima.archimadrid.es\\\/?p=5397\"},\"wordCount\":786,\"image\":{\"@id\":\"https:\\\/\\\/nsrfatima.archimadrid.es\\\/?p=5397#primaryimage\"},\"thumbnailUrl\":\"https:\\\/\\\/nsrfatima.archimadrid.es\\\/wp-content\\\/uploads\\\/2025\\\/10\\\/oracion_jubileo.png\",\"articleSection\":[\"Destacados\"],\"inLanguage\":\"es\"},{\"@type\":\"WebPage\",\"@id\":\"https:\\\/\\\/nsrfatima.archimadrid.es\\\/?p=5397\",\"url\":\"https:\\\/\\\/nsrfatima.archimadrid.es\\\/?p=5397\",\"name\":\"Experiencia en el Jubileo 2025 - Parroquia Nuestra Se\u00f1ora del Rosario de F\u00e1tima\",\"isPartOf\":{\"@id\":\"https:\\\/\\\/nsrfatima.archimadrid.es\\\/#website\"},\"primaryImageOfPage\":{\"@id\":\"https:\\\/\\\/nsrfatima.archimadrid.es\\\/?p=5397#primaryimage\"},\"image\":{\"@id\":\"https:\\\/\\\/nsrfatima.archimadrid.es\\\/?p=5397#primaryimage\"},\"thumbnailUrl\":\"https:\\\/\\\/nsrfatima.archimadrid.es\\\/wp-content\\\/uploads\\\/2025\\\/10\\\/oracion_jubileo.png\",\"datePublished\":\"2025-10-19T09:56:18+00:00\",\"dateModified\":\"2025-10-19T09:56:19+00:00\",\"author\":{\"@id\":\"https:\\\/\\\/nsrfatima.archimadrid.es\\\/#\\\/schema\\\/person\\\/3257bbaa8e30e5544b0253d474ec7483\"},\"breadcrumb\":{\"@id\":\"https:\\\/\\\/nsrfatima.archimadrid.es\\\/?p=5397#breadcrumb\"},\"inLanguage\":\"es\",\"potentialAction\":[{\"@type\":\"ReadAction\",\"target\":[\"https:\\\/\\\/nsrfatima.archimadrid.es\\\/?p=5397\"]}]},{\"@type\":\"ImageObject\",\"inLanguage\":\"es\",\"@id\":\"https:\\\/\\\/nsrfatima.archimadrid.es\\\/?p=5397#primaryimage\",\"url\":\"https:\\\/\\\/nsrfatima.archimadrid.es\\\/wp-content\\\/uploads\\\/2025\\\/10\\\/oracion_jubileo.png\",\"contentUrl\":\"https:\\\/\\\/nsrfatima.archimadrid.es\\\/wp-content\\\/uploads\\\/2025\\\/10\\\/oracion_jubileo.png\",\"width\":1164,\"height\":466},{\"@type\":\"BreadcrumbList\",\"@id\":\"https:\\\/\\\/nsrfatima.archimadrid.es\\\/?p=5397#breadcrumb\",\"itemListElement\":[{\"@type\":\"ListItem\",\"position\":1,\"name\":\"Portada\",\"item\":\"https:\\\/\\\/nsrfatima.archimadrid.es\\\/\"},{\"@type\":\"ListItem\",\"position\":2,\"name\":\"Experiencia en el Jubileo 2025\"}]},{\"@type\":\"WebSite\",\"@id\":\"https:\\\/\\\/nsrfatima.archimadrid.es\\\/#website\",\"url\":\"https:\\\/\\\/nsrfatima.archimadrid.es\\\/\",\"name\":\"Parroquia Nuestra Se\u00f1ora del Rosario de F\u00e1tima\",\"description\":\"Web de la parroquia de Nuestra Se\u00f1ora del Rosario de F\u00e1tima\",\"potentialAction\":[{\"@type\":\"SearchAction\",\"target\":{\"@type\":\"EntryPoint\",\"urlTemplate\":\"https:\\\/\\\/nsrfatima.archimadrid.es\\\/?s={search_term_string}\"},\"query-input\":{\"@type\":\"PropertyValueSpecification\",\"valueRequired\":true,\"valueName\":\"search_term_string\"}}],\"inLanguage\":\"es\"},{\"@type\":\"Person\",\"@id\":\"https:\\\/\\\/nsrfatima.archimadrid.es\\\/#\\\/schema\\\/person\\\/3257bbaa8e30e5544b0253d474ec7483\",\"name\":\"Nuestra Se\u00f1ora del Rosario de F\u00e1tima\",\"url\":\"https:\\\/\\\/nsrfatima.archimadrid.es\\\/?author=3\"}]}<\/script>\n<!-- \/ Yoast SEO plugin. -->","yoast_head_json":{"title":"Experiencia en el Jubileo 2025 - Parroquia Nuestra Se\u00f1ora del Rosario de F\u00e1tima","robots":{"index":"index","follow":"follow","max-snippet":"max-snippet:-1","max-image-preview":"max-image-preview:large","max-video-preview":"max-video-preview:-1"},"canonical":"https:\/\/nsrfatima.archimadrid.es\/?p=5397","og_locale":"es_ES","og_type":"article","og_title":"Experiencia en el Jubileo 2025 - Parroquia Nuestra Se\u00f1ora del Rosario de F\u00e1tima","og_description":"Mi experiencia en el jubileo es principalmente dar gracias a Dios. La verdad que me cost\u00f3 entrar en la peregrinaci\u00f3n porque me apetec\u00eda mucho hacer los planes de la di\u00f3cesis como la misa de espa\u00f1oles o el encuentro de madrile\u00f1os, compartir este evento con toda la iglesia, sin necesidad de dormir en la comodidad de [&hellip;]","og_url":"https:\/\/nsrfatima.archimadrid.es\/?p=5397","og_site_name":"Parroquia Nuestra Se\u00f1ora del Rosario de F\u00e1tima","article_published_time":"2025-10-19T09:56:18+00:00","article_modified_time":"2025-10-19T09:56:19+00:00","og_image":[{"width":1164,"height":466,"url":"https:\/\/nsrfatima.archimadrid.es\/wp-content\/uploads\/2025\/10\/oracion_jubileo.png","type":"image\/png"}],"author":"Nuestra Se\u00f1ora del Rosario de F\u00e1tima","twitter_card":"summary_large_image","twitter_misc":{"Escrito por":"Nuestra Se\u00f1ora del Rosario de F\u00e1tima","Tiempo de lectura":"4 minutos"},"schema":{"@context":"https:\/\/schema.org","@graph":[{"@type":"Article","@id":"https:\/\/nsrfatima.archimadrid.es\/?p=5397#article","isPartOf":{"@id":"https:\/\/nsrfatima.archimadrid.es\/?p=5397"},"author":{"name":"Nuestra Se\u00f1ora del Rosario de F\u00e1tima","@id":"https:\/\/nsrfatima.archimadrid.es\/#\/schema\/person\/3257bbaa8e30e5544b0253d474ec7483"},"headline":"Experiencia en el Jubileo 2025","datePublished":"2025-10-19T09:56:18+00:00","dateModified":"2025-10-19T09:56:19+00:00","mainEntityOfPage":{"@id":"https:\/\/nsrfatima.archimadrid.es\/?p=5397"},"wordCount":786,"image":{"@id":"https:\/\/nsrfatima.archimadrid.es\/?p=5397#primaryimage"},"thumbnailUrl":"https:\/\/nsrfatima.archimadrid.es\/wp-content\/uploads\/2025\/10\/oracion_jubileo.png","articleSection":["Destacados"],"inLanguage":"es"},{"@type":"WebPage","@id":"https:\/\/nsrfatima.archimadrid.es\/?p=5397","url":"https:\/\/nsrfatima.archimadrid.es\/?p=5397","name":"Experiencia en el Jubileo 2025 - Parroquia Nuestra Se\u00f1ora del Rosario de F\u00e1tima","isPartOf":{"@id":"https:\/\/nsrfatima.archimadrid.es\/#website"},"primaryImageOfPage":{"@id":"https:\/\/nsrfatima.archimadrid.es\/?p=5397#primaryimage"},"image":{"@id":"https:\/\/nsrfatima.archimadrid.es\/?p=5397#primaryimage"},"thumbnailUrl":"https:\/\/nsrfatima.archimadrid.es\/wp-content\/uploads\/2025\/10\/oracion_jubileo.png","datePublished":"2025-10-19T09:56:18+00:00","dateModified":"2025-10-19T09:56:19+00:00","author":{"@id":"https:\/\/nsrfatima.archimadrid.es\/#\/schema\/person\/3257bbaa8e30e5544b0253d474ec7483"},"breadcrumb":{"@id":"https:\/\/nsrfatima.archimadrid.es\/?p=5397#breadcrumb"},"inLanguage":"es","potentialAction":[{"@type":"ReadAction","target":["https:\/\/nsrfatima.archimadrid.es\/?p=5397"]}]},{"@type":"ImageObject","inLanguage":"es","@id":"https:\/\/nsrfatima.archimadrid.es\/?p=5397#primaryimage","url":"https:\/\/nsrfatima.archimadrid.es\/wp-content\/uploads\/2025\/10\/oracion_jubileo.png","contentUrl":"https:\/\/nsrfatima.archimadrid.es\/wp-content\/uploads\/2025\/10\/oracion_jubileo.png","width":1164,"height":466},{"@type":"BreadcrumbList","@id":"https:\/\/nsrfatima.archimadrid.es\/?p=5397#breadcrumb","itemListElement":[{"@type":"ListItem","position":1,"name":"Portada","item":"https:\/\/nsrfatima.archimadrid.es\/"},{"@type":"ListItem","position":2,"name":"Experiencia en el Jubileo 2025"}]},{"@type":"WebSite","@id":"https:\/\/nsrfatima.archimadrid.es\/#website","url":"https:\/\/nsrfatima.archimadrid.es\/","name":"Parroquia Nuestra Se\u00f1ora del Rosario de F\u00e1tima","description":"Web de la parroquia de Nuestra Se\u00f1ora del Rosario de F\u00e1tima","potentialAction":[{"@type":"SearchAction","target":{"@type":"EntryPoint","urlTemplate":"https:\/\/nsrfatima.archimadrid.es\/?s={search_term_string}"},"query-input":{"@type":"PropertyValueSpecification","valueRequired":true,"valueName":"search_term_string"}}],"inLanguage":"es"},{"@type":"Person","@id":"https:\/\/nsrfatima.archimadrid.es\/#\/schema\/person\/3257bbaa8e30e5544b0253d474ec7483","name":"Nuestra Se\u00f1ora del Rosario de F\u00e1tima","url":"https:\/\/nsrfatima.archimadrid.es\/?author=3"}]}},"_links":{"self":[{"href":"https:\/\/nsrfatima.archimadrid.es\/index.php?rest_route=\/wp\/v2\/posts\/5397","targetHints":{"allow":["GET"]}}],"collection":[{"href":"https:\/\/nsrfatima.archimadrid.es\/index.php?rest_route=\/wp\/v2\/posts"}],"about":[{"href":"https:\/\/nsrfatima.archimadrid.es\/index.php?rest_route=\/wp\/v2\/types\/post"}],"author":[{"embeddable":true,"href":"https:\/\/nsrfatima.archimadrid.es\/index.php?rest_route=\/wp\/v2\/users\/3"}],"replies":[{"embeddable":true,"href":"https:\/\/nsrfatima.archimadrid.es\/index.php?rest_route=%2Fwp%2Fv2%2Fcomments&post=5397"}],"version-history":[{"count":4,"href":"https:\/\/nsrfatima.archimadrid.es\/index.php?rest_route=\/wp\/v2\/posts\/5397\/revisions"}],"predecessor-version":[{"id":5402,"href":"https:\/\/nsrfatima.archimadrid.es\/index.php?rest_route=\/wp\/v2\/posts\/5397\/revisions\/5402"}],"wp:featuredmedia":[{"embeddable":true,"href":"https:\/\/nsrfatima.archimadrid.es\/index.php?rest_route=\/wp\/v2\/media\/5377"}],"wp:attachment":[{"href":"https:\/\/nsrfatima.archimadrid.es\/index.php?rest_route=%2Fwp%2Fv2%2Fmedia&parent=5397"}],"wp:term":[{"taxonomy":"category","embeddable":true,"href":"https:\/\/nsrfatima.archimadrid.es\/index.php?rest_route=%2Fwp%2Fv2%2Fcategories&post=5397"},{"taxonomy":"post_tag","embeddable":true,"href":"https:\/\/nsrfatima.archimadrid.es\/index.php?rest_route=%2Fwp%2Fv2%2Ftags&post=5397"}],"curies":[{"name":"wp","href":"https:\/\/api.w.org\/{rel}","templated":true}]}}